{"id":2625,"date":"2025-08-29T08:20:00","date_gmt":"2025-08-29T06:20:00","guid":{"rendered":"https:\/\/sp2zelow.pl\/?p=2625"},"modified":"2025-08-29T19:25:43","modified_gmt":"2025-08-29T17:25:43","slug":"obiady-szkolne-2025-2026","status":"publish","type":"post","link":"https:\/\/sp2zelow.pl\/?p=2625","title":{"rendered":"OBIADY SZKOLNE 2025\/2026"},"content":{"rendered":"\n<p>Drodzy Rodzice,<br>ruszamy ze zg\u0142oszeniami na obiady w nowym roku szkolnym \ud83c\udfeb\u2728.<\/p>\n\n\n\n<p>\ud83d\udc49 Kart\u0119 zg\u0142oszenia mo\u017cna pobra\u0107 z poni\u017cszego linku \u2b07\ufe0f<br>PDF: <a href=\"https:\/\/docs.google.com\/document\/d\/1gA_RaPSKPdz7cYLW7Izk7dHf4SYDouBa\/export?format=pdf\">https:\/\/docs.google.com\/document\/d\/1gA_RaPSKPdz7cYLW7Izk7dHf4SYDouBa\/export?format=pdf<\/a><br>Word (.docx):<br><a href=\"https:\/\/docs.google.com\/document\/d\/1gA_RaPSKPdz7cYLW7Izk7dHf4SYDouBa\/export?format=docx\">https:\/\/docs.google.com\/document\/d\/1gA_RaPSKPdz7cYLW7Izk7dHf4SYDouBa\/export?format=docx<\/a><br>\ud83d\udc49 Formularz mo\u017cna tak\u017ce odebra\u0107 w wersji papierowej w sekretariacie.<br>\ud83d\udc49 Wype\u0142nione deklaracje prosimy z\u0142o\u017cy\u0107 do 1 wrze\u015bnia 2025 r. w sekretariacie szko\u0142y.<\/p>\n\n\n\n<p>To wa\u017cne, aby ka\u017cdy ucze\u0144 zapisany na obiady mia\u0142 z\u0142o\u017con\u0105 deklaracj\u0119 \u2705.<\/p>\n\n\n\n<figure class=\"wp-block-image size-full\"><img loading=\"lazy\" decoding=\"async\" width=\"940\" height=\"788\" src=\"https:\/\/sp2zelow.pl\/wp-content\/uploads\/2025\/08\/ROZPOCZECIE-ROKU-SZKOLNEGO-karta-zgloszenia.jpg\" alt=\"\" class=\"wp-image-2626\" srcset=\"https:\/\/sp2zelow.pl\/wp-content\/uploads\/2025\/08\/ROZPOCZECIE-ROKU-SZKOLNEGO-karta-zgloszenia.jpg 940w, https:\/\/sp2zelow.pl\/wp-content\/uploads\/2025\/08\/ROZPOCZECIE-ROKU-SZKOLNEGO-karta-zgloszenia-300x251.jpg 300w, https:\/\/sp2zelow.pl\/wp-content\/uploads\/2025\/08\/ROZPOCZECIE-ROKU-SZKOLNEGO-karta-zgloszenia-768x644.jpg 768w\" sizes=\"auto, (max-width: 940px) 100vw, 940px\" \/><\/figure>\n","protected":false},"excerpt":{"rendered":"<p>Drodzy Rodzice,ruszamy ze zg\u0142oszeniami na obiady w nowym roku szkolnym \ud83c\udfeb\u2728. \ud83d\udc49 Kart\u0119 zg\u0142oszenia mo\u017cna pobra\u0107 z poni\u017cszego linku \u2b07\ufe0fPDF:<\/p>\n","protected":false},"author":3,"featured_media":0,"comment_status":"closed","ping_status":"closed","sticky":true,"template":"","format":"standard","meta":{"colormag_page_container_layout":"default_layout","colormag_page_sidebar_layout":"default_layout","footnotes":""},"categories":[3],"tags":[],"class_list":["post-2625","post","type-post","status-publish","format-standard","hentry","category-aktualnosci"],"_links":{"self":[{"href":"https:\/\/sp2zelow.pl\/index.php?rest_route=\/wp\/v2\/posts\/2625","targetHints":{"allow":["GET"]}}],"collection":[{"href":"https:\/\/sp2zelow.pl\/index.php?rest_route=\/wp\/v2\/posts"}],"about":[{"href":"https:\/\/sp2zelow.pl\/index.php?rest_route=\/wp\/v2\/types\/post"}],"author":[{"embeddable":true,"href":"https:\/\/sp2zelow.pl\/index.php?rest_route=\/wp\/v2\/users\/3"}],"replies":[{"embeddable":true,"href":"https:\/\/sp2zelow.pl\/index.php?rest_route=%2Fwp%2Fv2%2Fcomments&post=2625"}],"version-history":[{"count":1,"href":"https:\/\/sp2zelow.pl\/index.php?rest_route=\/wp\/v2\/posts\/2625\/revisions"}],"predecessor-version":[{"id":2627,"href":"https:\/\/sp2zelow.pl\/index.php?rest_route=\/wp\/v2\/posts\/2625\/revisions\/2627"}],"wp:attachment":[{"href":"https:\/\/sp2zelow.pl\/index.php?rest_route=%2Fwp%2Fv2%2Fmedia&parent=2625"}],"wp:term":[{"taxonomy":"category","embeddable":true,"href":"https:\/\/sp2zelow.pl\/index.php?rest_route=%2Fwp%2Fv2%2Fcategories&post=2625"},{"taxonomy":"post_tag","embeddable":true,"href":"https:\/\/sp2zelow.pl\/index.php?rest_route=%2Fwp%2Fv2%2Ftags&post=2625"}],"curies":[{"name":"wp","href":"https:\/\/api.w.org\/{rel}","templated":true}]}}