{"id":48,"date":"2014-07-14T16:08:47","date_gmt":"2014-07-14T14:08:47","guid":{"rendered":"https:\/\/sp2zelow.pl\/index.php\/2014\/07\/14\/rozpoczecie-roku-szkolnego\/"},"modified":"2014-07-14T16:08:47","modified_gmt":"2014-07-14T14:08:47","slug":"rozpoczecie-roku-szkolnego","status":"publish","type":"post","link":"https:\/\/sp2zelow.pl\/?p=48","title":{"rendered":"Rozpocz\u0119cie roku szkolnego"},"content":{"rendered":"<p style=\"text-align: center;\"><img loading=\"lazy\" decoding=\"async\" class=\" size-full wp-image-14\" src=\"https:\/\/sp2zelow.pl\/wp-content\/uploads\/2014\/07\/dzwonek-775.png\" border=\"0\" alt=\"\" width=\"139\" height=\"146\" \/><\/p>\n<p style=\"text-align: center;\"><strong><span style=\"line-height: 1.3em; color: #ff0000; font-size: medium;\" data-mce-mark=\"1\">Uroczyste rozpocz\u0119cie roku szkolnego 2014\/2015 odb\u0119dzie si\u0119 <br \/>1 wrze\u015bnia 2014 r. o godz. 9.00.<\/span><\/strong><\/p>\n<hr \/>\n<p>\u00a0<\/p>\n<p>\u00a0<\/p>\n","protected":false},"excerpt":{"rendered":"<p>Uroczyste rozpocz\u0119cie roku szkolnego 2014\/2015 odb\u0119dzie si\u0119 1 wrze\u015bnia 2014 r. o godz. 9.00. \u00a0 \u00a0<\/p>\n","protected":false},"author":1,"featured_media":14,"comment_status":"open","ping_status":"open","sticky":false,"template":"","format":"standard","meta":{"colormag_page_container_layout":"default_layout","colormag_page_sidebar_layout":"default_layout","footnotes":""},"categories":[3],"tags":[],"class_list":["post-48","post","type-post","status-publish","format-standard","has-post-thumbnail","hentry","category-aktualnosci"],"_links":{"self":[{"href":"https:\/\/sp2zelow.pl\/index.php?rest_route=\/wp\/v2\/posts\/48","targetHints":{"allow":["GET"]}}],"collection":[{"href":"https:\/\/sp2zelow.pl\/index.php?rest_route=\/wp\/v2\/posts"}],"about":[{"href":"https:\/\/sp2zelow.pl\/index.php?rest_route=\/wp\/v2\/types\/post"}],"author":[{"embeddable":true,"href":"https:\/\/sp2zelow.pl\/index.php?rest_route=\/wp\/v2\/users\/1"}],"replies":[{"embeddable":true,"href":"https:\/\/sp2zelow.pl\/index.php?rest_route=%2Fwp%2Fv2%2Fcomments&post=48"}],"version-history":[{"count":0,"href":"https:\/\/sp2zelow.pl\/index.php?rest_route=\/wp\/v2\/posts\/48\/revisions"}],"wp:featuredmedia":[{"embeddable":true,"href":"https:\/\/sp2zelow.pl\/index.php?rest_route=\/wp\/v2\/media\/14"}],"wp:attachment":[{"href":"https:\/\/sp2zelow.pl\/index.php?rest_route=%2Fwp%2Fv2%2Fmedia&parent=48"}],"wp:term":[{"taxonomy":"category","embeddable":true,"href":"https:\/\/sp2zelow.pl\/index.php?rest_route=%2Fwp%2Fv2%2Fcategories&post=48"},{"taxonomy":"post_tag","embeddable":true,"href":"https:\/\/sp2zelow.pl\/index.php?rest_route=%2Fwp%2Fv2%2Ftags&post=48"}],"curies":[{"name":"wp","href":"https:\/\/api.w.org\/{rel}","templated":true}]}}