{"id":49,"date":"2014-07-14T16:13:58","date_gmt":"2014-07-14T14:13:58","guid":{"rendered":"https:\/\/sp2zelow.pl\/index.php\/2014\/07\/14\/historia-szkoly\/"},"modified":"2014-07-14T16:13:58","modified_gmt":"2014-07-14T14:13:58","slug":"historia-szkoly","status":"publish","type":"post","link":"https:\/\/sp2zelow.pl\/?p=49","title":{"rendered":"Historia szko\u0142y"},"content":{"rendered":"<p style=\"text-align: justify;\"><span style=\"font-family: times new roman,times; font-size: small;\">\u00a0\u00a0\u00a0 <\/span><br \/><span style=\"font-size: small;\">Szko\u0142\u0119 Podstawow\u0105 nr 2 otwarto pod koniec 1945 r. Ponad 340 dzieci rozdzielono do dziewi\u0119ciu klas, ucz\u0105cych si\u0119 w sze\u015bciu izbach. W trakcie dzia\u0142a\u0144 wojennych zosta\u0142a zdewastowana przez Niemc\u00f3w. Poniewa\u017c plac\u00f3wka nie uleg\u0142a \u017cadnym remontom, pierwszy jej powojenny kierownik &#8211; p. Antoni Kozarzewski &#8211; zasta\u0142 dziurawe dachy, zniszczone ramy okienne, brak piec\u00f3w. Szko\u0142a mie\u015bci\u0142a si\u0119 w dw\u00f3ch budynkach: przy ulicy Szkolnej 51 i Ko\u015bciuszki 84. Nauk\u0119 rozpocz\u0119to 4 wrze\u015bnia 1946 r. W nast\u0119pnym roku szko\u0142a wzbogaci\u0142a si\u0119 o trzeci budynek, kt\u00f3ry przeznaczono na kancelari\u0119 kierownika z mieszkaniem.<\/span><\/p>\n<p style=\"text-align: justify;\"><span style=\"font-size: small;\">24 kwietnia 1951 r. do u\u017cytku szko\u0142y oddano nowy budynek sk\u0142adaj\u0105cy si\u0119 z pi\u0119ciu izb lekcyjnych, sali fizycznej, pokoju nauczycielskiego, dy\u017curki wo\u017anego i szatni. 23 wrze\u015bnia tego roku zaczyna dzia\u0142a\u0107 przy szkole dru\u017cyna harcerska, kt\u00f3ra w czerwcu nast\u0119pnego roku zajmuje IV miejsce na festiwalu harcerskim w \u0141odzi. W latach &#8217;50 uruchomiona zostaje kanalizacja i nast\u0119puje po\u0142\u0105czenie budynk\u00f3w szkolnych.<\/span><\/p>\n<p style=\"text-align: justify;\"><span style=\"font-size: small;\">W kolejnych latach szko\u0142\u0119 opu\u015bcili lokatorzy, ogrodzono boisko szkolne, dzieci wraz z rodzicami u\u0142o\u017cy\u0142y betonowy chodnik przed plac\u00f3wk\u0105, wyremontowano budynek, nast\u0105pi\u0142a radiofonizacja plac\u00f3wki, otwarto bibliotek\u0119 i Sp\u00f3\u0142dzielni\u0119 Uczniowsk\u0105.<\/span><\/p>\n<p style=\"text-align: justify;\"><span style=\"font-size: small;\">W latach &#8217;60 uczniowie naszej szko\u0142y odnosz\u0105 ogromne sukcesy w zawodach sportowych i konkursach muzycznych. Zostaje te\u017c otwarty p\u00f3\u0142internat.<\/span><br \/><span style=\"font-size: small;\">30 kwietnia 1971 r. szko\u0142a zdoby\u0142a mistrzostwo powiatu w pi\u0142ce no\u017cnej szk\u00f3\u0142 podstawowych. Sukcesy odnosi\u0142 te\u017c zesp\u00f3\u0142 muzyczny, zesp\u00f3\u0142 harcerski i ch\u00f3r. W szkole odbywaj\u0105 si\u0119 apele, organizowane s\u0105 wycieczki, zabawy choinkowe, kuligi. Dw\u00f3ch uczni\u00f3w dostaje si\u0119 do sk\u0142adu reprezentacji Ziemi \u0141\u00f3dzkiej w pi\u0142ce no\u017cnej.<\/span><\/p>\n<p style=\"text-align: justify;\"><span style=\"font-size: small;\">12 pa\u017adziernika 1972 r. SP nr 2 nadano imi\u0119 Tadeusza Ko\u015bciuszki i sztandar. Od tej pory co roku b\u0119dzie ona uroczy\u015bcie obchodzi\u0142a \u015awi\u0119to Patrona Szko\u0142y.<\/span><\/p>\n<p style=\"text-align: justify;\"><span style=\"font-size: small;\">We wrze\u015bniu 1974 r. po raz pierwszy odby\u0142o si\u0119 \u015blubowanie klas pierwszych. Ten sympatyczny zwyczaj zachowa\u0142 si\u0119 po dzie\u0144 dzisiejszy i pozwala pierwszakom uroczy\u015bcie zosta\u0107 uczniami.<\/span><\/p>\n<p style=\"text-align: justify;\"><span style=\"font-size: small;\">W 1976 r. utworzono klasy specjalne, kt\u00f3re funkcjonowa\u0142y do roku 1999. 16 stycznia 1981 r. dru\u017cynie harcerskiej w naszej szkole nadano imi\u0119 Heleny Janaszczyk i przekazano sztandar.<\/span><\/p>\n<p style=\"text-align: justify;\"><span style=\"font-size: small;\">Lata &#8217;90 to okres wielu sukces\u00f3w uczni\u00f3w naszej plac\u00f3wki. Co roku zdobywaj\u0105 nagrody i wyr\u00f3\u017cnienia na Wojew\u00f3dzkim Konkursie Piosenki dzieci\u0119cej &#8222;Tomaszowska Wiosna&#8221; czy &#8222;Zelowskich Skowronkach&#8221;. S\u0105 laureatami wielu konkurs\u00f3w przedmiotowych. W szkole organizowano zimowiska harcerskie, wycieczki, przedstawienia dla przedszkolak\u00f3w. Utworzono boisko do gry w siatk\u00f3wk\u0119. Zakupiono komputery, kserokopiark\u0119 i inne urz\u0105dzenia przydatne w szkole.<\/span><\/p>\n<p><span style=\"font-size: small;\">W latach 2000 &#8211; 2010 funkcj\u0119 dyrektora szko\u0142y pe\u0142ni\u0142a p. Marzanna Socha. Plac\u00f3wka zosta\u0142a odnowiona i wyremontowana: pomalowano budynek szkolny i \u015bwietlic\u0119, klasy s\u0105 jasne, czyste i kolorowe. W 2001 r. piece kaflowe zast\u0105piono centralnym ogrzewaniem, a w 2002 przeprowadzono kapitalny remont sto\u0142\u00f3wki szkolnej. W latach 2003 i 2004 wymieniono okna i drzwi, przed budynkiem pojawi\u0142 si\u0119 nowy chodnik. Wybudowano bie\u017cni\u0119, zamontowano kosze do gry. Utworzono pracowni\u0119 informatyczn\u0105. Jedn\u0105 z klas przystosowano do \u0107wicze\u0144, pe\u0142ni ona funkcj\u0119 salki gimnastycznej. Od 2001 roku wydajemy kalendarz szkolny, dwukrotnie z naszej inicjatywy ukaza\u0142y si\u0119 torby ekologiczne. Cztery lata p\u00f3\u017aniej odnowiono \u015bwietlic\u0119 i bibliotek\u0119 szkoln\u0105. W ramach rz\u0105dowego projektu &#8222;Radosna Szko\u0142a&#8221; wyposa\u017cono je w niezb\u0119dne pomoce dydaktyczne, meble, zabawki. Bez cienia w\u0105tpliwo\u015bci mo\u017cna powiedzie\u0107, \u017ce jest to miejsce na miar\u0119 XXI wieku. Dzieci na pewno tam si\u0119 nie nudz\u0105 i przyjemnie sp\u0119dzaj\u0105 wolny czas.<\/span><\/p>\n<p><span style=\"font-size: small;\">W tym czasie s\u0105 organizowane pikniki origami. Imprezy te skupiaj\u0105 mi\u0142o\u015bnik\u00f3w sk\u0142adania papieru. Ka\u017cdego roku dzieci i m\u0142odzie\u017c wraz z opiekunami spotykaj\u0105 sie, aby &#8222;zara\u017ca\u0107&#8221; swoj\u0105 pasj\u0105 innych. Wydarzenie cieszy si\u0119 du\u017c\u0105 popularno\u015bci\u0105 i na sta\u0142e wpisa\u0142o sie w tradycj\u0119 &#8222;Dw\u00f3jki&#8221;. Uczestnicz\u0105 w nich uczniowie naszej szko\u0142y oraz zaproszeni go\u015bcie: dzieci z zelowskich przedszkoli, Szko\u0142y Podstawowej w Buczku, cz\u0142onkowie SPON oraz ko\u0142a junior\u00f3w \u0142\u00f3dzkich szk\u00f3\u0142. Od 2007 roku istnieje ko\u0142o origami &#8222;Papierowy \u015bwiat'&#8221; dzia\u0142aj\u0105ce przy \u0142\u00f3dzkim oddziale Polskiego Centrum Origami.<\/span><\/p>\n<p><span style=\"font-size: small;\">Rok 2010 to okres wielu istotnych zmian. Now\u0105 dyrektor szko\u0142y zosta\u0142a p. Anna Bodnar &#8211; nauczyciel wychowania fizycznego. W tym roku r\u00f3wnie\u017c po kilkuletniej przerwie otworzono Oddzia\u0142 Przedszkolny.<\/span><\/p>\n<p><span style=\"font-size: small;\">Obecnie szko\u0142a uczestniczy w projektach wsp\u00f3\u0142finansowanych ze \u015brodk\u00f3w Unii Europejskiej realizowanych przez Gmin\u0119 Zel\u00f3w. Nale\u017c\u0105 do nich: &#8222;R\u00f3wne szanse dla wszystkich&#8221;, &#8222;R\u00f3wny start&#8221;, &#8222;Wyr\u00f3wnajmy szanse&#8221;. Jeste\u015bmy r\u00f3wnie\u017c zaanga\u017cowani w takie akcje jak: &#8222;Klub Bezpiecznego Puchatka&#8221; (dzieci poznaj\u0105 zasady bezpiecze\u0144stwa i ucz\u0105 si\u0119, jak unika\u0107 zagro\u017ce\u0144), &#8222;Klub Szk\u00f3\u0142 UNICEF&#8221; (organizujemy pomoc dzieciom pochodz\u0105cym z ubogich rodzin), &#8222;Szklanka mleka&#8221;, 'Owoce w szkole&#8221;.<\/span><\/p>\n<p><span style=\"font-size: small;\">Przy naszej plac\u00f3wce dzia\u0142a \u015bwietlica, sto\u0142\u00f3wka, biblioteka, sklepik szkolny i Uczniowski Klub Sportowy &#8222;Dw\u00f3jka&#8221;. Organizujemy ciekawe zaj\u0119cia pozalekcyjne, interesuj\u0105ce wycieczki, wyjazdy do kin i teatr\u00f3w, na lodowisko oraz Zielone Szko\u0142y. Staramy si\u0119 dobrze uczy\u0107 i dobrze wychowywa\u0107. Nasz\u0105 chlub\u0105 i rado\u015bci\u0105 s\u0105 uczniowie &#8211; laureaci wielu konkurs\u00f3w ortograficznych, recytatorskich, muzycznych, matematycznych czy ekologicznych. Bardzo ciesz\u0105 nas osi\u0105gni\u0119cia dzieci w zawodach sportowych. Mamy mistrz\u00f3w na szczeblu rejonowym i wojew\u00f3dzkim. Zdobywamy r\u00f3wnie\u017c nagrody zbieraj\u0105c makulatur\u0119 czy uczestnicz\u0105c w akcji &#8222;Sprz\u0105tanie \u015awiata&#8221;.<\/span><\/p>\n<p><span style=\"font-size: small;\">Staramy si\u0119, aby nasza szko\u0142a by\u0142a przyjazna dla dzieci i rodzic\u00f3w, kt\u00f3rzy zaufali nam i powierzyli swoje pociechy.<\/span><\/p>\n<p><span style=\"font-size: small;\">Opracowa\u0142a: p. Renata Zochniak<\/span><\/p>\n","protected":false},"excerpt":{"rendered":"<p>\u00a0\u00a0\u00a0 Szko\u0142\u0119 Podstawow\u0105 nr 2 otwarto pod koniec 1945 r. Ponad 340 dzieci rozdzielono do dziewi\u0119ciu klas, ucz\u0105cych si\u0119 w<\/p>\n","protected":false},"author":1,"featured_media":0,"comment_status":"open","ping_status":"open","sticky":false,"template":"","format":"standard","meta":{"colormag_page_container_layout":"default_layout","colormag_page_sidebar_layout":"default_layout","footnotes":""},"categories":[4],"tags":[],"class_list":["post-49","post","type-post","status-publish","format-standard","hentry","category-munu-gorne"],"_links":{"self":[{"href":"https:\/\/sp2zelow.pl\/index.php?rest_route=\/wp\/v2\/posts\/49","targetHints":{"allow":["GET"]}}],"collection":[{"href":"https:\/\/sp2zelow.pl\/index.php?rest_route=\/wp\/v2\/posts"}],"about":[{"href":"https:\/\/sp2zelow.pl\/index.php?rest_route=\/wp\/v2\/types\/post"}],"author":[{"embeddable":true,"href":"https:\/\/sp2zelow.pl\/index.php?rest_route=\/wp\/v2\/users\/1"}],"replies":[{"embeddable":true,"href":"https:\/\/sp2zelow.pl\/index.php?rest_route=%2Fwp%2Fv2%2Fcomments&post=49"}],"version-history":[{"count":0,"href":"https:\/\/sp2zelow.pl\/index.php?rest_route=\/wp\/v2\/posts\/49\/revisions"}],"wp:attachment":[{"href":"https:\/\/sp2zelow.pl\/index.php?rest_route=%2Fwp%2Fv2%2Fmedia&parent=49"}],"wp:term":[{"taxonomy":"category","embeddable":true,"href":"https:\/\/sp2zelow.pl\/index.php?rest_route=%2Fwp%2Fv2%2Fcategories&post=49"},{"taxonomy":"post_tag","embeddable":true,"href":"https:\/\/sp2zelow.pl\/index.php?rest_route=%2Fwp%2Fv2%2Ftags&post=49"}],"curies":[{"name":"wp","href":"https:\/\/api.w.org\/{rel}","templated":true}]}}